{"id":6906,"date":"2025-08-10T13:54:28","date_gmt":"2025-08-10T11:54:28","guid":{"rendered":"https:\/\/sandythurnes.life\/?p=6906"},"modified":"2025-08-10T16:02:58","modified_gmt":"2025-08-10T14:02:58","slug":"tanzende-kinder-das-vermaechtnis-von-valentino-tzigiwhaeno-rivera","status":"publish","type":"post","link":"https:\/\/sandythurnes.life\/de\/2025\/08\/10\/tanzende-kinder-das-vermaechtnis-von-valentino-tzigiwhaeno-rivera\/","title":{"rendered":"TANZENDE KINDER &#8211; DAS VERM\u00c4CHTNIS VON VALENTINO ,TZIGIWHAENO&#8216; RIVERA"},"content":{"rendered":"<section  class='av_textblock_section av-lvsps8mv-9f9191caaac08d22608680093e72e5e6 '   itemscope=\"itemscope\" itemtype=\"https:\/\/schema.org\/BlogPosting\" itemprop=\"blogPost\" ><div class='avia_textblock'  itemprop=\"text\" ><h3 data-start=\"323\" data-end=\"937\"><strong>10 % aller Einnahmen flie\u00dfen an die Lightning Boy Foundation zu Ehren von Valentino \u201eTzigiwhaeno\u201c Rivera \u2013 dem Jungen, der tanzte, als w\u00fcrde ihm das ganze Universum zusehen.<\/strong><\/h3>\n<p data-start=\"323\" data-end=\"937\">.<img decoding=\"async\" src=\"https:\/\/static.wixstatic.com\/media\/568237_05be437acde7467393c02afbbf4edf5f~mv2.jpg\/v1\/fill\/w_3000,h_1030,al_c,q_90,enc_avif,quality_auto\/568237_05be437acde7467393c02afbbf4edf5f~mv2.jpg\" \/><\/p>\n<blockquote>\n<p class=\"\" data-start=\"323\" data-end=\"937\">Valentino Tzigiwhaeno (LIGHTNING) Rivera wurde am 6. April 2008 als Sohn von George Rivera (Nachfahre der Pojoaque Pueblo und spanischer Familien, geboren in Santa Fe, New Mexico) und Felicia Rosacker-Rivera (Nachfahrin spanisch-italienischer Familien aus New Mexico und d\u00e4nischer Familien aus Kansas) geboren. Valentinos DNA kann als ein Triptychon aus Blut und Kultur von Santa Fe betrachtet werden. Seine Seele und sein Leben auf der Erde sind ein leuchtendes Beispiel f\u00fcr eine tiefe Wertsch\u00e4tzung des Lebens, der Kultur sowie der Liebe zur Menschheit und zu New Mexico.<\/p>\n<\/blockquote>\n<p class=\"\" data-start=\"939\" data-end=\"1423\"><strong>Valentinos Einzigartigkeit zeigte sich bereits vor seiner Geburt \u2013 bei einem Ultraschall, als der winzige F\u00f6tus in Erdbeergr\u00f6sse sich blitzschnell einmal um 360 Grad drehte. In diesem Moment wusste sein Vater George: Diese energetische Seele soll den Namen Tzigiwhaeno tragen, das Tewa-Wort f\u00fcr die ph\u00e4nomenale Naturkraft, die wir Blitz nennen.<\/strong> Valentinos nat\u00fcrliche Energie, sein Rhythmusgef\u00fchl und seine tiefe Verbundenheit zu seinem Platz auf der Erde blieben nicht unbemerkt.<\/p>\n<p class=\"\" data-start=\"1425\" data-end=\"1896\">Noch bevor er ein Jahr alt war, konnte er schon lang genug stehen, um mit seiner Schwester PoQueen ausgelassen zu tanzen. Mit zwei Jahren lief er gemeinsam mit seinem Bruder PaaWee sowie Mutter und Vater beim Pojoaque Pueblo Butterfly Run (1 Meile) mit. Mit drei Jahren tanzte er an Feiertagen den traditionellen Pueblo-B\u00fcffeltanz. Im selben Alter versprach er seiner neugeborenen Schwester Iris Paloma, ihr alles beizubringen, was er konnte.<\/p>\n<p class=\"\" data-start=\"1898\" data-end=\"2461\">Viele erkannten in Valentino den wissbegierigen Sch\u00fcler und liebevollen Lehrer, und durch seine tiefe Wertsch\u00e4tzung anderen gegen\u00fcber wurde er zu einem Heiler. Mit vier Jahren sah er zum ersten Mal <strong>Nakotah LaRance<\/strong> beim traditionellen Hoop Dance. Dieses Erlebnis fiel zusammen mit seiner Bewunderung f\u00fcr <strong>Michael Jackson<\/strong>s Musik \u2013 insbesondere dessen Tanzstil. Valentinos Liebe zum Tanz war bereits tief verwurzelt. Nachdem er Nakotah getroffen hatte, sagte er: \u201eIch werde ein Hoop Dancer!\u201c <img loading=\"lazy\" decoding=\"async\" class=\"size-medium wp-image-5475 alignright\" src=\"https:\/\/sandythurnes.life\/wp-content\/uploads\/2025\/04\/IMG_5271-297x300.jpeg\" alt=\"\u200b Valentino Tzigiwhaeno (LIGHTNING) Rivera\" width=\"297\" height=\"300\" srcset=\"https:\/\/sandythurnes.life\/wp-content\/uploads\/2025\/04\/IMG_5271-297x300.jpeg 297w, https:\/\/sandythurnes.life\/wp-content\/uploads\/2025\/04\/IMG_5271-1021x1030.jpeg 1021w, https:\/\/sandythurnes.life\/wp-content\/uploads\/2025\/04\/IMG_5271-80x80.jpeg 80w, https:\/\/sandythurnes.life\/wp-content\/uploads\/2025\/04\/IMG_5271-768x775.jpeg 768w, https:\/\/sandythurnes.life\/wp-content\/uploads\/2025\/04\/IMG_5271-36x36.jpeg 36w, https:\/\/sandythurnes.life\/wp-content\/uploads\/2025\/04\/IMG_5271-699x705.jpeg 699w, https:\/\/sandythurnes.life\/wp-content\/uploads\/2025\/04\/IMG_5271.jpeg 1071w\" sizes=\"auto, (max-width: 297px) 100vw, 297px\" \/><\/p>\n<p class=\"\" data-start=\"2463\" data-end=\"2916\">Wenige Monate sp\u00e4ter sprach Steve LaRance, Nakotahs Vater, Valentinos Mutter an \u2013 sie war damals Bildungsdirektorin des Pojoaque Pueblo \u2013 und fragte, ob ein Workshop f\u00fcr Hoop Dance organisiert werden k\u00f6nne. Mit Valentinos Entschluss im Herzen antwortete Felicia: \u201eUnbedingt!\u201c Aus diesem Gespr\u00e4ch entstand die urspr\u00fcngliche Hoop Dance-Gruppe der Jugendlichen des Pueblo von Pojoaque, in der Valentino mit f\u00fcnf Jahren das j\u00fcngste Mitglied war. Valentino begann sofort, das Wissen von Nakotah und Steve weiterzugeben. Er tanzte, wann immer er konnte \u2013 auf Familienfeiern, in der Schule, im Park, f\u00fcr Verwandte \u2013 ob krank oder gesund \u2013, und immer mit Dankbarkeit und einem Segen f\u00fcr das Wohl anderer. Bei einer Benefizveranstaltung der Tanzgruppe fragte Deborah Abeita Torrez, wer denn der kleinste T\u00e4nzer sei. Die Eltern antworteten stolz: \u201eDas ist unser Sohn!\u201c Durch Deborah erhielt Valentino die wunderbare Gelegenheit, beim Empfang des U-Boots USS Santa Fe in Pearl Harbor zu tanzen. Mit seiner Tanzgruppe trat er \u00fcberall in New Mexico auf, in San Diego beim National Indian Gaming Association Event und in Phoenix beim World <strong>Hoop Dance<\/strong> Wettbewerb. 2014 setzte sich die Gruppe ein gro\u00dfes Ziel: eine Reise nach Europa, um ihre Kunst zu teilen. Sie tanzten in Paris und La Rochelle (Frankreich), danach in<strong> Genf (Schweiz)<\/strong>, wo sie als Ehreng\u00e4ste in der US-Botschaft f\u00fcr US-Botschafter und die Menschenrechtskommission der Vereinten Nationen sowie viele internationale Diplomaten auftraten \u2013 und dort sogar ein Stipendium der US-Botschaft erhielten.Den Abschluss dieser Weltreise bildete ein ganz besonderer Ort: Florenz, Italien, eines von Valentinos Mutterl\u00e4ndern. \u00dcberall, wo er tanzte, hinterlie\u00df er einen bleibenden Eindruck.<\/p>\n<p class=\"\" data-start=\"4263\" data-end=\"4466\"><strong>W\u00e4hrend viele ermutigt werden, \u201ezu tanzen, als ob niemand zusieht\u201c, tanzte Valentino so, als ob das ganze Universum zuschaut<\/strong> \u2013 genau wie seine Vorbilder Nakotah LaRance und Michael Jackson.Er tanzte genauso voller Hingabe alleine in der K\u00fcche beim Filmen wie auch vor einem Publikum von \u00fcber tausend Menschen. Auch in Santa Fe, auf dem Museum Hill, trat er auf \u2013 in jenem Tanzkreis, der nun seinen Namen tr\u00e4gt, mit der freundlichen Erlaubnis und Unterst\u00fctzung der Spender des Museums.<\/p>\n<p class=\"\" data-start=\"4773\" data-end=\"5068\"><strong><img loading=\"lazy\" decoding=\"async\" class=\"size-medium wp-image-6936 alignleft\" src=\"https:\/\/sandythurnes.life\/wp-content\/uploads\/2025\/08\/IMG_6017-300x292.jpeg\" alt=\"\" width=\"300\" height=\"292\" srcset=\"https:\/\/sandythurnes.life\/wp-content\/uploads\/2025\/08\/IMG_6017-300x292.jpeg 300w, https:\/\/sandythurnes.life\/wp-content\/uploads\/2025\/08\/IMG_6017-1030x1003.jpeg 1030w, https:\/\/sandythurnes.life\/wp-content\/uploads\/2025\/08\/IMG_6017-768x748.jpeg 768w, https:\/\/sandythurnes.life\/wp-content\/uploads\/2025\/08\/IMG_6017-36x36.jpeg 36w, https:\/\/sandythurnes.life\/wp-content\/uploads\/2025\/08\/IMG_6017-705x686.jpeg 705w, https:\/\/sandythurnes.life\/wp-content\/uploads\/2025\/08\/IMG_6017.jpeg 1109w\" sizes=\"auto, (max-width: 300px) 100vw, 300px\" \/>Die schweren Verletzungen an Wirbels\u00e4ule und Gehirn, die er im Fr\u00fchjahr 2015 bei einem Autounfall erlitt, haben seiner Seele keinen Schaden zugef\u00fcgt.<\/strong> Mit seinen Eltern, Geschwistern, Gro\u00dfeltern, Freunden und der erweiterten Familie an seiner Seite blieb sein inneres Leuchten unersch\u00fctterlich. Als er nicht sprechen konnte, l\u00e4chelte und lachte er. Als er wieder sprechen konnte, sagte er, dass er bereit sei, alles zu tun, um zu genesen.<strong> Nie hat er geklagt oder jemandem die Schuld an seinem tragischen Schicksal gegeben. <\/strong>Viele bedeutende Pers\u00f6nlichkeiten aus der indigenen Welt und dar\u00fcber hinaus kamen in dieser Zeit zu ihm, um ihn zu unterst\u00fctzen \u2013 und verliessen den Ort gel\u00e4utert, tief ber\u00fchrt von seinem Mut, seiner Liebe und seinem K\u00e4mpfergeist, seinem unbesiegbaren Warrior Spirit.\u00a0 <b><strong>Als Valentino wusste, dass das Ende naht und sein \u00dcbergang in die n\u00e4chste Welt bevorsteht, sprach er offen \u00fcber seinen Wunsch, dass seine Liebsten aus dieser unfassbaren Trag\u00f6die lernen und daran wachsen. Er wollte in Erinnerung bleiben, wie er war: ein T\u00e4nzer, ein Lehrer, ein Sch\u00fcler und ein Heiler. <\/strong><\/b><\/p>\n<p class=\"\" data-start=\"4773\" data-end=\"5068\">Seine Familie und Freunde erf\u00fcllen diesen Wunsch, indem sie mit ihrem Verlust auf besondere Weise umgehen: durch kreativen Ausdruck und die Gr\u00fcndung der Lightning Boy Foundation. Die Stiftung unterst\u00fctzt die stammes\u00fcbergreifende Lightning Boy Hoop Dance Group sowie weitere Projekte im Bereich darstellender und bildender Kunst f\u00fcr junge Menschen \u2013 und vor allem liegt der Stiftung eines am Herzen:\u00a0 andere Menschen und unseren Platz auf dieser Erde so bedingungslos zu lieben, wie Valentino es tat.<\/p>\n<p data-start=\"6053\" data-end=\"6360\"><img decoding=\"async\" src=\"https:\/\/static.wixstatic.com\/media\/568237_88acf1109c6c416db091cf0cc95dacba~mv2.jpg\/v1\/crop\/x_49,y_202,w_1953,h_702\/fill\/w_1380,h_495,al_c,q_85,usm_0.66_1.00_0.01,enc_avif,quality_auto\/IMG_9636_JPG.jpg\" alt=\"IMG_9636.JPG\" \/><\/p>\n<\/div><\/section>\n","protected":false},"excerpt":{"rendered":"","protected":false},"author":3,"featured_media":5475,"comment_status":"closed","ping_status":"closed","sticky":false,"template":"","format":"standard","meta":{"footnotes":""},"categories":[16],"tags":[],"class_list":["post-6906","post","type-post","status-publish","format-standard","has-post-thumbnail","hentry","category-news"],"yoast_head":"<!-- This site is optimized with the Yoast SEO plugin v25.8 - https:\/\/yoast.com\/wordpress\/plugins\/seo\/ -->\n<title>TANZENDE KINDER - DAS VERM\u00c4CHTNIS VON VALENTINO ,TZIGIWHAENO&#039; RIVERA | Sandy Thurnes<\/title>\n<meta name=\"robots\" content=\"index, follow, max-snippet:-1, max-image-preview:large, max-video-preview:-1\" \/>\n<link rel=\"canonical\" href=\"https:\/\/sandythurnes.life\/de\/2025\/08\/10\/tanzende-kinder-das-vermaechtnis-von-valentino-tzigiwhaeno-rivera\/\" \/>\n<meta property=\"og:locale\" content=\"de_DE\" \/>\n<meta property=\"og:type\" content=\"article\" \/>\n<meta property=\"og:title\" content=\"TANZENDE KINDER - DAS VERM\u00c4CHTNIS VON VALENTINO ,TZIGIWHAENO&#039; RIVERA | Sandy Thurnes\" \/>\n<meta property=\"og:url\" content=\"https:\/\/sandythurnes.life\/de\/2025\/08\/10\/tanzende-kinder-das-vermaechtnis-von-valentino-tzigiwhaeno-rivera\/\" \/>\n<meta property=\"og:site_name\" content=\"Sandy Thurnes\" \/>\n<meta property=\"article:published_time\" content=\"2025-08-10T11:54:28+00:00\" \/>\n<meta property=\"article:modified_time\" content=\"2025-08-10T14:02:58+00:00\" \/>\n<meta property=\"og:image\" content=\"https:\/\/sandythurnes.life\/wp-content\/uploads\/2025\/04\/IMG_5271.jpeg\" \/>\n\t<meta property=\"og:image:width\" content=\"1071\" \/>\n\t<meta property=\"og:image:height\" content=\"1080\" \/>\n\t<meta property=\"og:image:type\" content=\"image\/jpeg\" \/>\n<meta name=\"author\" content=\"sandythurnes_admin\" \/>\n<meta name=\"twitter:card\" content=\"summary_large_image\" \/>\n<meta name=\"twitter:label1\" content=\"Verfasst von\" \/>\n\t<meta name=\"twitter:data1\" content=\"sandythurnes_admin\" \/>\n\t<meta name=\"twitter:label2\" content=\"Gesch\u00e4tzte Lesezeit\" \/>\n\t<meta name=\"twitter:data2\" content=\"5\u00a0Minuten\" \/>\n<script type=\"application\/ld+json\" class=\"yoast-schema-graph\">{\"@context\":\"https:\/\/schema.org\",\"@graph\":[{\"@type\":\"Article\",\"@id\":\"https:\/\/sandythurnes.life\/de\/2025\/08\/10\/tanzende-kinder-das-vermaechtnis-von-valentino-tzigiwhaeno-rivera\/#article\",\"isPartOf\":{\"@id\":\"https:\/\/sandythurnes.life\/de\/2025\/08\/10\/tanzende-kinder-das-vermaechtnis-von-valentino-tzigiwhaeno-rivera\/\"},\"author\":{\"name\":\"sandythurnes_admin\",\"@id\":\"https:\/\/sandythurnes.life\/#\/schema\/person\/17242a0fa95d264086327560e8169de3\"},\"headline\":\"TANZENDE KINDER &#8211; DAS VERM\u00c4CHTNIS VON VALENTINO ,TZIGIWHAENO&#8216; RIVERA\",\"datePublished\":\"2025-08-10T11:54:28+00:00\",\"dateModified\":\"2025-08-10T14:02:58+00:00\",\"mainEntityOfPage\":{\"@id\":\"https:\/\/sandythurnes.life\/de\/2025\/08\/10\/tanzende-kinder-das-vermaechtnis-von-valentino-tzigiwhaeno-rivera\/\"},\"wordCount\":1027,\"publisher\":{\"@id\":\"https:\/\/sandythurnes.life\/#organization\"},\"image\":{\"@id\":\"https:\/\/sandythurnes.life\/de\/2025\/08\/10\/tanzende-kinder-das-vermaechtnis-von-valentino-tzigiwhaeno-rivera\/#primaryimage\"},\"thumbnailUrl\":\"https:\/\/sandythurnes.life\/wp-content\/uploads\/2025\/04\/IMG_5271.jpeg\",\"articleSection\":[\"News\"],\"inLanguage\":\"de\"},{\"@type\":\"WebPage\",\"@id\":\"https:\/\/sandythurnes.life\/de\/2025\/08\/10\/tanzende-kinder-das-vermaechtnis-von-valentino-tzigiwhaeno-rivera\/\",\"url\":\"https:\/\/sandythurnes.life\/de\/2025\/08\/10\/tanzende-kinder-das-vermaechtnis-von-valentino-tzigiwhaeno-rivera\/\",\"name\":\"TANZENDE KINDER - DAS VERM\u00c4CHTNIS VON VALENTINO ,TZIGIWHAENO' RIVERA | Sandy Thurnes\",\"isPartOf\":{\"@id\":\"https:\/\/sandythurnes.life\/#website\"},\"primaryImageOfPage\":{\"@id\":\"https:\/\/sandythurnes.life\/de\/2025\/08\/10\/tanzende-kinder-das-vermaechtnis-von-valentino-tzigiwhaeno-rivera\/#primaryimage\"},\"image\":{\"@id\":\"https:\/\/sandythurnes.life\/de\/2025\/08\/10\/tanzende-kinder-das-vermaechtnis-von-valentino-tzigiwhaeno-rivera\/#primaryimage\"},\"thumbnailUrl\":\"https:\/\/sandythurnes.life\/wp-content\/uploads\/2025\/04\/IMG_5271.jpeg\",\"datePublished\":\"2025-08-10T11:54:28+00:00\",\"dateModified\":\"2025-08-10T14:02:58+00:00\",\"breadcrumb\":{\"@id\":\"https:\/\/sandythurnes.life\/de\/2025\/08\/10\/tanzende-kinder-das-vermaechtnis-von-valentino-tzigiwhaeno-rivera\/#breadcrumb\"},\"inLanguage\":\"de\",\"potentialAction\":[{\"@type\":\"ReadAction\",\"target\":[\"https:\/\/sandythurnes.life\/de\/2025\/08\/10\/tanzende-kinder-das-vermaechtnis-von-valentino-tzigiwhaeno-rivera\/\"]}]},{\"@type\":\"ImageObject\",\"inLanguage\":\"de\",\"@id\":\"https:\/\/sandythurnes.life\/de\/2025\/08\/10\/tanzende-kinder-das-vermaechtnis-von-valentino-tzigiwhaeno-rivera\/#primaryimage\",\"url\":\"https:\/\/sandythurnes.life\/wp-content\/uploads\/2025\/04\/IMG_5271.jpeg\",\"contentUrl\":\"https:\/\/sandythurnes.life\/wp-content\/uploads\/2025\/04\/IMG_5271.jpeg\",\"width\":1071,\"height\":1080,\"caption\":\"\u200b Valentino Tzigiwhaeno (LIGHTNING) Rivera\"},{\"@type\":\"BreadcrumbList\",\"@id\":\"https:\/\/sandythurnes.life\/de\/2025\/08\/10\/tanzende-kinder-das-vermaechtnis-von-valentino-tzigiwhaeno-rivera\/#breadcrumb\",\"itemListElement\":[{\"@type\":\"ListItem\",\"position\":1,\"name\":\"Home\",\"item\":\"https:\/\/sandythurnes.life\/de\/home\/\"},{\"@type\":\"ListItem\",\"position\":2,\"name\":\"TANZENDE KINDER &#8211; DAS VERM\u00c4CHTNIS VON VALENTINO ,TZIGIWHAENO&#8217; RIVERA\"}]},{\"@type\":\"WebSite\",\"@id\":\"https:\/\/sandythurnes.life\/#website\",\"url\":\"https:\/\/sandythurnes.life\/\",\"name\":\"Sandy Thurnes\",\"description\":\"\",\"publisher\":{\"@id\":\"https:\/\/sandythurnes.life\/#organization\"},\"potentialAction\":[{\"@type\":\"SearchAction\",\"target\":{\"@type\":\"EntryPoint\",\"urlTemplate\":\"https:\/\/sandythurnes.life\/?s={search_term_string}\"},\"query-input\":{\"@type\":\"PropertyValueSpecification\",\"valueRequired\":true,\"valueName\":\"search_term_string\"}}],\"inLanguage\":\"de\"},{\"@type\":\"Organization\",\"@id\":\"https:\/\/sandythurnes.life\/#organization\",\"name\":\"Sandy Thurnes\",\"url\":\"https:\/\/sandythurnes.life\/\",\"logo\":{\"@type\":\"ImageObject\",\"inLanguage\":\"de\",\"@id\":\"https:\/\/sandythurnes.life\/#\/schema\/logo\/image\/\",\"url\":\"https:\/\/sandythurnes.life\/wp-content\/uploads\/2019\/05\/sandy-thurnes-coach-dowser-mystic.png\",\"contentUrl\":\"https:\/\/sandythurnes.life\/wp-content\/uploads\/2019\/05\/sandy-thurnes-coach-dowser-mystic.png\",\"width\":1674,\"height\":595,\"caption\":\"Sandy Thurnes\"},\"image\":{\"@id\":\"https:\/\/sandythurnes.life\/#\/schema\/logo\/image\/\"}},{\"@type\":\"Person\",\"@id\":\"https:\/\/sandythurnes.life\/#\/schema\/person\/17242a0fa95d264086327560e8169de3\",\"name\":\"sandythurnes_admin\",\"image\":{\"@type\":\"ImageObject\",\"inLanguage\":\"de\",\"@id\":\"https:\/\/sandythurnes.life\/#\/schema\/person\/image\/\",\"url\":\"https:\/\/secure.gravatar.com\/avatar\/cad7b8a72e5fa3b45f75c15e9a752847e020b3f6eca7df401e9eb768aed54cb7?s=96&d=monsterid&r=g\",\"contentUrl\":\"https:\/\/secure.gravatar.com\/avatar\/cad7b8a72e5fa3b45f75c15e9a752847e020b3f6eca7df401e9eb768aed54cb7?s=96&d=monsterid&r=g\",\"caption\":\"sandythurnes_admin\"},\"url\":\"https:\/\/sandythurnes.life\/de\/author\/sandiethurnes_admin\/\"}]}<\/script>\n<!-- \/ Yoast SEO plugin. -->","yoast_head_json":{"title":"TANZENDE KINDER - DAS VERM\u00c4CHTNIS VON VALENTINO ,TZIGIWHAENO' RIVERA | Sandy Thurnes","robots":{"index":"index","follow":"follow","max-snippet":"max-snippet:-1","max-image-preview":"max-image-preview:large","max-video-preview":"max-video-preview:-1"},"canonical":"https:\/\/sandythurnes.life\/de\/2025\/08\/10\/tanzende-kinder-das-vermaechtnis-von-valentino-tzigiwhaeno-rivera\/","og_locale":"de_DE","og_type":"article","og_title":"TANZENDE KINDER - DAS VERM\u00c4CHTNIS VON VALENTINO ,TZIGIWHAENO' RIVERA | Sandy Thurnes","og_url":"https:\/\/sandythurnes.life\/de\/2025\/08\/10\/tanzende-kinder-das-vermaechtnis-von-valentino-tzigiwhaeno-rivera\/","og_site_name":"Sandy Thurnes","article_published_time":"2025-08-10T11:54:28+00:00","article_modified_time":"2025-08-10T14:02:58+00:00","og_image":[{"width":1071,"height":1080,"url":"https:\/\/sandythurnes.life\/wp-content\/uploads\/2025\/04\/IMG_5271.jpeg","type":"image\/jpeg"}],"author":"sandythurnes_admin","twitter_card":"summary_large_image","twitter_misc":{"Verfasst von":"sandythurnes_admin","Gesch\u00e4tzte Lesezeit":"5\u00a0Minuten"},"schema":{"@context":"https:\/\/schema.org","@graph":[{"@type":"Article","@id":"https:\/\/sandythurnes.life\/de\/2025\/08\/10\/tanzende-kinder-das-vermaechtnis-von-valentino-tzigiwhaeno-rivera\/#article","isPartOf":{"@id":"https:\/\/sandythurnes.life\/de\/2025\/08\/10\/tanzende-kinder-das-vermaechtnis-von-valentino-tzigiwhaeno-rivera\/"},"author":{"name":"sandythurnes_admin","@id":"https:\/\/sandythurnes.life\/#\/schema\/person\/17242a0fa95d264086327560e8169de3"},"headline":"TANZENDE KINDER &#8211; DAS VERM\u00c4CHTNIS VON VALENTINO ,TZIGIWHAENO&#8216; RIVERA","datePublished":"2025-08-10T11:54:28+00:00","dateModified":"2025-08-10T14:02:58+00:00","mainEntityOfPage":{"@id":"https:\/\/sandythurnes.life\/de\/2025\/08\/10\/tanzende-kinder-das-vermaechtnis-von-valentino-tzigiwhaeno-rivera\/"},"wordCount":1027,"publisher":{"@id":"https:\/\/sandythurnes.life\/#organization"},"image":{"@id":"https:\/\/sandythurnes.life\/de\/2025\/08\/10\/tanzende-kinder-das-vermaechtnis-von-valentino-tzigiwhaeno-rivera\/#primaryimage"},"thumbnailUrl":"https:\/\/sandythurnes.life\/wp-content\/uploads\/2025\/04\/IMG_5271.jpeg","articleSection":["News"],"inLanguage":"de"},{"@type":"WebPage","@id":"https:\/\/sandythurnes.life\/de\/2025\/08\/10\/tanzende-kinder-das-vermaechtnis-von-valentino-tzigiwhaeno-rivera\/","url":"https:\/\/sandythurnes.life\/de\/2025\/08\/10\/tanzende-kinder-das-vermaechtnis-von-valentino-tzigiwhaeno-rivera\/","name":"TANZENDE KINDER - DAS VERM\u00c4CHTNIS VON VALENTINO ,TZIGIWHAENO' RIVERA | Sandy Thurnes","isPartOf":{"@id":"https:\/\/sandythurnes.life\/#website"},"primaryImageOfPage":{"@id":"https:\/\/sandythurnes.life\/de\/2025\/08\/10\/tanzende-kinder-das-vermaechtnis-von-valentino-tzigiwhaeno-rivera\/#primaryimage"},"image":{"@id":"https:\/\/sandythurnes.life\/de\/2025\/08\/10\/tanzende-kinder-das-vermaechtnis-von-valentino-tzigiwhaeno-rivera\/#primaryimage"},"thumbnailUrl":"https:\/\/sandythurnes.life\/wp-content\/uploads\/2025\/04\/IMG_5271.jpeg","datePublished":"2025-08-10T11:54:28+00:00","dateModified":"2025-08-10T14:02:58+00:00","breadcrumb":{"@id":"https:\/\/sandythurnes.life\/de\/2025\/08\/10\/tanzende-kinder-das-vermaechtnis-von-valentino-tzigiwhaeno-rivera\/#breadcrumb"},"inLanguage":"de","potentialAction":[{"@type":"ReadAction","target":["https:\/\/sandythurnes.life\/de\/2025\/08\/10\/tanzende-kinder-das-vermaechtnis-von-valentino-tzigiwhaeno-rivera\/"]}]},{"@type":"ImageObject","inLanguage":"de","@id":"https:\/\/sandythurnes.life\/de\/2025\/08\/10\/tanzende-kinder-das-vermaechtnis-von-valentino-tzigiwhaeno-rivera\/#primaryimage","url":"https:\/\/sandythurnes.life\/wp-content\/uploads\/2025\/04\/IMG_5271.jpeg","contentUrl":"https:\/\/sandythurnes.life\/wp-content\/uploads\/2025\/04\/IMG_5271.jpeg","width":1071,"height":1080,"caption":"\u200b Valentino Tzigiwhaeno (LIGHTNING) Rivera"},{"@type":"BreadcrumbList","@id":"https:\/\/sandythurnes.life\/de\/2025\/08\/10\/tanzende-kinder-das-vermaechtnis-von-valentino-tzigiwhaeno-rivera\/#breadcrumb","itemListElement":[{"@type":"ListItem","position":1,"name":"Home","item":"https:\/\/sandythurnes.life\/de\/home\/"},{"@type":"ListItem","position":2,"name":"TANZENDE KINDER &#8211; DAS VERM\u00c4CHTNIS VON VALENTINO ,TZIGIWHAENO&#8217; RIVERA"}]},{"@type":"WebSite","@id":"https:\/\/sandythurnes.life\/#website","url":"https:\/\/sandythurnes.life\/","name":"Sandy Thurnes","description":"","publisher":{"@id":"https:\/\/sandythurnes.life\/#organization"},"potentialAction":[{"@type":"SearchAction","target":{"@type":"EntryPoint","urlTemplate":"https:\/\/sandythurnes.life\/?s={search_term_string}"},"query-input":{"@type":"PropertyValueSpecification","valueRequired":true,"valueName":"search_term_string"}}],"inLanguage":"de"},{"@type":"Organization","@id":"https:\/\/sandythurnes.life\/#organization","name":"Sandy Thurnes","url":"https:\/\/sandythurnes.life\/","logo":{"@type":"ImageObject","inLanguage":"de","@id":"https:\/\/sandythurnes.life\/#\/schema\/logo\/image\/","url":"https:\/\/sandythurnes.life\/wp-content\/uploads\/2019\/05\/sandy-thurnes-coach-dowser-mystic.png","contentUrl":"https:\/\/sandythurnes.life\/wp-content\/uploads\/2019\/05\/sandy-thurnes-coach-dowser-mystic.png","width":1674,"height":595,"caption":"Sandy Thurnes"},"image":{"@id":"https:\/\/sandythurnes.life\/#\/schema\/logo\/image\/"}},{"@type":"Person","@id":"https:\/\/sandythurnes.life\/#\/schema\/person\/17242a0fa95d264086327560e8169de3","name":"sandythurnes_admin","image":{"@type":"ImageObject","inLanguage":"de","@id":"https:\/\/sandythurnes.life\/#\/schema\/person\/image\/","url":"https:\/\/secure.gravatar.com\/avatar\/cad7b8a72e5fa3b45f75c15e9a752847e020b3f6eca7df401e9eb768aed54cb7?s=96&d=monsterid&r=g","contentUrl":"https:\/\/secure.gravatar.com\/avatar\/cad7b8a72e5fa3b45f75c15e9a752847e020b3f6eca7df401e9eb768aed54cb7?s=96&d=monsterid&r=g","caption":"sandythurnes_admin"},"url":"https:\/\/sandythurnes.life\/de\/author\/sandiethurnes_admin\/"}]}},"_links":{"self":[{"href":"https:\/\/sandythurnes.life\/de\/wp-json\/wp\/v2\/posts\/6906","targetHints":{"allow":["GET"]}}],"collection":[{"href":"https:\/\/sandythurnes.life\/de\/wp-json\/wp\/v2\/posts"}],"about":[{"href":"https:\/\/sandythurnes.life\/de\/wp-json\/wp\/v2\/types\/post"}],"author":[{"embeddable":true,"href":"https:\/\/sandythurnes.life\/de\/wp-json\/wp\/v2\/users\/3"}],"replies":[{"embeddable":true,"href":"https:\/\/sandythurnes.life\/de\/wp-json\/wp\/v2\/comments?post=6906"}],"version-history":[{"count":8,"href":"https:\/\/sandythurnes.life\/de\/wp-json\/wp\/v2\/posts\/6906\/revisions"}],"predecessor-version":[{"id":6943,"href":"https:\/\/sandythurnes.life\/de\/wp-json\/wp\/v2\/posts\/6906\/revisions\/6943"}],"wp:featuredmedia":[{"embeddable":true,"href":"https:\/\/sandythurnes.life\/de\/wp-json\/wp\/v2\/media\/5475"}],"wp:attachment":[{"href":"https:\/\/sandythurnes.life\/de\/wp-json\/wp\/v2\/media?parent=6906"}],"wp:term":[{"taxonomy":"category","embeddable":true,"href":"https:\/\/sandythurnes.life\/de\/wp-json\/wp\/v2\/categories?post=6906"},{"taxonomy":"post_tag","embeddable":true,"href":"https:\/\/sandythurnes.life\/de\/wp-json\/wp\/v2\/tags?post=6906"}],"curies":[{"name":"wp","href":"https:\/\/api.w.org\/{rel}","templated":true}]}}